{"id":2662,"date":"2022-11-24T11:09:32","date_gmt":"2022-11-24T10:09:32","guid":{"rendered":"http:\/\/www.schladmingerfasching.at\/?p=2662"},"modified":"2022-11-29T09:56:48","modified_gmt":"2022-11-29T08:56:48","slug":"foto-fschingsbeginn-11-11","status":"publish","type":"post","link":"https:\/\/www.schladmingerfasching.at\/?p=2662","title":{"rendered":"Foto Faschingsbeginn 11.11."},"content":{"rendered":"\n<p>Am 11. 11. 2022 wurde nach 2 Jahren Pause endlich wieder gefeiert. B\u00d6F Pr\u00e4sident Kranawetter war nach Schladming gekommen um unseren, nun Ex-Pr\u00e4sidenten, Anton Barthelme entsprechend seiner Verdienste zu ehren und zu beschm\u00fccken. Toni erhielt den gr\u00f6\u00dften \u00d6sterreichischen Faschingsorden mit Stein, sowie den Steirischen Orden und eine Ehrenurkunde. Ebenfalls in den Faschings-Ruhestand verabschiedet wurden Susi und Stefan Seiberl, die sich mit viel Eifer, besonders f\u00fcr den Kindermaskenball und die Variete-Bar&nbsp; engagiert hatten.<\/p>\n\n\n\n<p>Daf\u00fcr wurden nun wieder 3 neue Elferr\u00e4te, Hanna Kerschbaumer Guggu, Ines H\u00f6flehner und Daniel Krammel offiziell in den Schladminger Faschingsrat aufgenommen. Eine, durch Toni Barthelmes Pensionierung, weitere Stellenbesetzung \u00fcbernahm als neuer Hofmarschall unser allseits bekannter Andy Perner.&nbsp; Auch unsere Garden&nbsp; verzeichnen eine tollen Zuwachs. So gibt es eine 15-k\u00f6pfige Kindergarde, eine 7-k\u00f6pfige Junge-Prinzen-Garde und eine ebenfalls 7-k\u00f6pfige Showtanzgruppe.<\/p>\n\n\n\n<p>Das Variet\u00e9, der Kinderfasching und die Faschingsb\u00e4lle k\u00f6nnen also in alter Manier kommen. Wir freuen uns riesig auf Dich und ganz besonders auf DICH!&nbsp;<\/p>\n\n\n\n<p>Alle Foto: Daniel H\u00f6flehner<\/p>\n\n\n\n<figure class=\"wp-block-gallery columns-3 is-cropped wp-block-gallery-1 is-layout-flex wp-block-gallery-is-layout-flex\"><ul class=\"blocks-gallery-grid\"><li class=\"blocks-gallery-item\"><figure><a href=\"http:\/\/www.schladmingerfasching.at\/wp-content\/uploads\/2022\/11\/003-2022-11-11-Elferratssitzung.jpg\" rel=\"lightbox[2662]\"><img loading=\"lazy\" decoding=\"async\" width=\"1024\" height=\"682\" src=\"http:\/\/www.schladmingerfasching.at\/wp-content\/uploads\/2022\/11\/003-2022-11-11-Elferratssitzung-1024x682.jpg\" alt=\"\" data-id=\"2663\" data-full-url=\"http:\/\/www.schladmingerfasching.at\/wp-content\/uploads\/2022\/11\/003-2022-11-11-Elferratssitzung.jpg\" data-link=\"http:\/\/www.schladmingerfasching.at\/?attachment_id=2663\" class=\"wp-image-2663\" srcset=\"https:\/\/www.schladmingerfasching.at\/wp-content\/uploads\/2022\/11\/003-2022-11-11-Elferratssitzung-1024x682.jpg 1024w, https:\/\/www.schladmingerfasching.at\/wp-content\/uploads\/2022\/11\/003-2022-11-11-Elferratssitzung-300x200.jpg 300w, https:\/\/www.schladmingerfasching.at\/wp-content\/uploads\/2022\/11\/003-2022-11-11-Elferratssitzung-768x512.jpg 768w, https:\/\/www.schladmingerfasching.at\/wp-content\/uploads\/2022\/11\/003-2022-11-11-Elferratssitzung-1536x1024.jpg 1536w, https:\/\/www.schladmingerfasching.at\/wp-content\/uploads\/2022\/11\/003-2022-11-11-Elferratssitzung.jpg 2000w\" sizes=\"auto, (max-width: 1024px) 100vw, 1024px\" \/><\/a><\/figure><\/li><li class=\"blocks-gallery-item\"><figure><a href=\"http:\/\/www.schladmingerfasching.at\/wp-content\/uploads\/2022\/11\/004-2022-11-11-Elferratssitzung.jpg\" rel=\"lightbox[2662]\"><img loading=\"lazy\" decoding=\"async\" width=\"1024\" height=\"680\" src=\"http:\/\/www.schladmingerfasching.at\/wp-content\/uploads\/2022\/11\/004-2022-11-11-Elferratssitzung-1024x680.jpg\" alt=\"\" data-id=\"2664\" data-full-url=\"http:\/\/www.schladmingerfasching.at\/wp-content\/uploads\/2022\/11\/004-2022-11-11-Elferratssitzung.jpg\" data-link=\"http:\/\/www.schladmingerfasching.at\/?attachment_id=2664\" class=\"wp-image-2664\" srcset=\"https:\/\/www.schladmingerfasching.at\/wp-content\/uploads\/2022\/11\/004-2022-11-11-Elferratssitzung-1024x680.jpg 1024w, https:\/\/www.schladmingerfasching.at\/wp-content\/uploads\/2022\/11\/004-2022-11-11-Elferratssitzung-300x199.jpg 300w, https:\/\/www.schladmingerfasching.at\/wp-content\/uploads\/2022\/11\/004-2022-11-11-Elferratssitzung-768x510.jpg 768w, https:\/\/www.schladmingerfasching.at\/wp-content\/uploads\/2022\/11\/004-2022-11-11-Elferratssitzung-1536x1020.jpg 1536w, https:\/\/www.schladmingerfasching.at\/wp-content\/uploads\/2022\/11\/004-2022-11-11-Elferratssitzung.jpg 2000w\" sizes=\"auto, (max-width: 1024px) 100vw, 1024px\" \/><\/a><\/figure><\/li><li class=\"blocks-gallery-item\"><figure><a href=\"http:\/\/www.schladmingerfasching.at\/wp-content\/uploads\/2022\/11\/007-2022-11-11-Elferratssitzung.jpg\" rel=\"lightbox[2662]\"><img loading=\"lazy\" decoding=\"async\" width=\"1024\" height=\"682\" src=\"http:\/\/www.schladmingerfasching.at\/wp-content\/uploads\/2022\/11\/007-2022-11-11-Elferratssitzung-1024x682.jpg\" alt=\"\" data-id=\"2665\" data-full-url=\"http:\/\/www.schladmingerfasching.at\/wp-content\/uploads\/2022\/11\/007-2022-11-11-Elferratssitzung.jpg\" data-link=\"http:\/\/www.schladmingerfasching.at\/?attachment_id=2665\" class=\"wp-image-2665\" srcset=\"https:\/\/www.schladmingerfasching.at\/wp-content\/uploads\/2022\/11\/007-2022-11-11-Elferratssitzung-1024x682.jpg 1024w, https:\/\/www.schladmingerfasching.at\/wp-content\/uploads\/2022\/11\/007-2022-11-11-Elferratssitzung-300x200.jpg 300w, https:\/\/www.schladmingerfasching.at\/wp-content\/uploads\/2022\/11\/007-2022-11-11-Elferratssitzung-768x512.jpg 768w, https:\/\/www.schladmingerfasching.at\/wp-content\/uploads\/2022\/11\/007-2022-11-11-Elferratssitzung-1536x1024.jpg 1536w, https:\/\/www.schladmingerfasching.at\/wp-content\/uploads\/2022\/11\/007-2022-11-11-Elferratssitzung.jpg 2000w\" sizes=\"auto, (max-width: 1024px) 100vw, 1024px\" \/><\/a><\/figure><\/li><\/ul><\/figure>\n\n\n\n<!--more-->\n\n\n\n<figure class=\"wp-block-gallery columns-3 is-cropped wp-block-gallery-2 is-layout-flex wp-block-gallery-is-layout-flex\"><ul class=\"blocks-gallery-grid\"><li class=\"blocks-gallery-item\"><figure><a href=\"http:\/\/www.schladmingerfasching.at\/wp-content\/uploads\/2022\/11\/009-2022-11-11-Elferratssitzung.jpg\" rel=\"lightbox[2662]\"><img loading=\"lazy\" decoding=\"async\" width=\"1024\" height=\"682\" src=\"http:\/\/www.schladmingerfasching.at\/wp-content\/uploads\/2022\/11\/009-2022-11-11-Elferratssitzung-1024x682.jpg\" alt=\"\" data-id=\"2666\" data-full-url=\"http:\/\/www.schladmingerfasching.at\/wp-content\/uploads\/2022\/11\/009-2022-11-11-Elferratssitzung.jpg\" data-link=\"http:\/\/www.schladmingerfasching.at\/?attachment_id=2666\" class=\"wp-image-2666\" srcset=\"https:\/\/www.schladmingerfasching.at\/wp-content\/uploads\/2022\/11\/009-2022-11-11-Elferratssitzung-1024x682.jpg 1024w, https:\/\/www.schladmingerfasching.at\/wp-content\/uploads\/2022\/11\/009-2022-11-11-Elferratssitzung-300x200.jpg 300w, https:\/\/www.schladmingerfasching.at\/wp-content\/uploads\/2022\/11\/009-2022-11-11-Elferratssitzung-768x512.jpg 768w, https:\/\/www.schladmingerfasching.at\/wp-content\/uploads\/2022\/11\/009-2022-11-11-Elferratssitzung-1536x1024.jpg 1536w, https:\/\/www.schladmingerfasching.at\/wp-content\/uploads\/2022\/11\/009-2022-11-11-Elferratssitzung.jpg 2000w\" sizes=\"auto, (max-width: 1024px) 100vw, 1024px\" \/><\/a><\/figure><\/li><li class=\"blocks-gallery-item\"><figure><a href=\"http:\/\/www.schladmingerfasching.at\/wp-content\/uploads\/2022\/11\/012-2022-11-11-Elferratssitzung.jpg\" rel=\"lightbox[2662]\"><img loading=\"lazy\" decoding=\"async\" width=\"1024\" height=\"682\" src=\"http:\/\/www.schladmingerfasching.at\/wp-content\/uploads\/2022\/11\/012-2022-11-11-Elferratssitzung-1024x682.jpg\" alt=\"\" data-id=\"2667\" data-full-url=\"http:\/\/www.schladmingerfasching.at\/wp-content\/uploads\/2022\/11\/012-2022-11-11-Elferratssitzung.jpg\" data-link=\"http:\/\/www.schladmingerfasching.at\/?attachment_id=2667\" class=\"wp-image-2667\" srcset=\"https:\/\/www.schladmingerfasching.at\/wp-content\/uploads\/2022\/11\/012-2022-11-11-Elferratssitzung-1024x682.jpg 1024w, https:\/\/www.schladmingerfasching.at\/wp-content\/uploads\/2022\/11\/012-2022-11-11-Elferratssitzung-300x200.jpg 300w, https:\/\/www.schladmingerfasching.at\/wp-content\/uploads\/2022\/11\/012-2022-11-11-Elferratssitzung-768x512.jpg 768w, https:\/\/www.schladmingerfasching.at\/wp-content\/uploads\/2022\/11\/012-2022-11-11-Elferratssitzung-1536x1024.jpg 1536w, https:\/\/www.schladmingerfasching.at\/wp-content\/uploads\/2022\/11\/012-2022-11-11-Elferratssitzung.jpg 2000w\" sizes=\"auto, (max-width: 1024px) 100vw, 1024px\" \/><\/a><\/figure><\/li><li class=\"blocks-gallery-item\"><figure><a href=\"http:\/\/www.schladmingerfasching.at\/wp-content\/uploads\/2022\/11\/014-2022-11-11-Elferratssitzung.jpg\" rel=\"lightbox[2662]\"><img loading=\"lazy\" decoding=\"async\" width=\"1024\" height=\"680\" src=\"http:\/\/www.schladmingerfasching.at\/wp-content\/uploads\/2022\/11\/014-2022-11-11-Elferratssitzung-1024x680.jpg\" alt=\"\" data-id=\"2668\" data-full-url=\"http:\/\/www.schladmingerfasching.at\/wp-content\/uploads\/2022\/11\/014-2022-11-11-Elferratssitzung.jpg\" data-link=\"http:\/\/www.schladmingerfasching.at\/?attachment_id=2668\" class=\"wp-image-2668\" srcset=\"https:\/\/www.schladmingerfasching.at\/wp-content\/uploads\/2022\/11\/014-2022-11-11-Elferratssitzung-1024x680.jpg 1024w, https:\/\/www.schladmingerfasching.at\/wp-content\/uploads\/2022\/11\/014-2022-11-11-Elferratssitzung-300x199.jpg 300w, https:\/\/www.schladmingerfasching.at\/wp-content\/uploads\/2022\/11\/014-2022-11-11-Elferratssitzung-768x510.jpg 768w, https:\/\/www.schladmingerfasching.at\/wp-content\/uploads\/2022\/11\/014-2022-11-11-Elferratssitzung-1536x1020.jpg 1536w, https:\/\/www.schladmingerfasching.at\/wp-content\/uploads\/2022\/11\/014-2022-11-11-Elferratssitzung.jpg 2000w\" sizes=\"auto, (max-width: 1024px) 100vw, 1024px\" \/><\/a><\/figure><\/li><li class=\"blocks-gallery-item\"><figure><a href=\"http:\/\/www.schladmingerfasching.at\/wp-content\/uploads\/2022\/11\/016-2022-11-11-Elferratssitzung.jpg\" rel=\"lightbox[2662]\"><img loading=\"lazy\" decoding=\"async\" width=\"1024\" height=\"682\" src=\"http:\/\/www.schladmingerfasching.at\/wp-content\/uploads\/2022\/11\/016-2022-11-11-Elferratssitzung-1024x682.jpg\" alt=\"\" data-id=\"2669\" data-full-url=\"http:\/\/www.schladmingerfasching.at\/wp-content\/uploads\/2022\/11\/016-2022-11-11-Elferratssitzung.jpg\" data-link=\"http:\/\/www.schladmingerfasching.at\/?attachment_id=2669\" class=\"wp-image-2669\" srcset=\"https:\/\/www.schladmingerfasching.at\/wp-content\/uploads\/2022\/11\/016-2022-11-11-Elferratssitzung-1024x682.jpg 1024w, https:\/\/www.schladmingerfasching.at\/wp-content\/uploads\/2022\/11\/016-2022-11-11-Elferratssitzung-300x200.jpg 300w, https:\/\/www.schladmingerfasching.at\/wp-content\/uploads\/2022\/11\/016-2022-11-11-Elferratssitzung-768x512.jpg 768w, https:\/\/www.schladmingerfasching.at\/wp-content\/uploads\/2022\/11\/016-2022-11-11-Elferratssitzung-1536x1024.jpg 1536w, https:\/\/www.schladmingerfasching.at\/wp-content\/uploads\/2022\/11\/016-2022-11-11-Elferratssitzung.jpg 2000w\" sizes=\"auto, (max-width: 1024px) 100vw, 1024px\" \/><\/a><\/figure><\/li><li class=\"blocks-gallery-item\"><figure><a href=\"http:\/\/www.schladmingerfasching.at\/wp-content\/uploads\/2022\/11\/018-2022-11-11-Elferratssitzung.jpg\" rel=\"lightbox[2662]\"><img loading=\"lazy\" decoding=\"async\" width=\"1024\" height=\"680\" src=\"http:\/\/www.schladmingerfasching.at\/wp-content\/uploads\/2022\/11\/018-2022-11-11-Elferratssitzung-1024x680.jpg\" alt=\"\" data-id=\"2670\" data-full-url=\"http:\/\/www.schladmingerfasching.at\/wp-content\/uploads\/2022\/11\/018-2022-11-11-Elferratssitzung.jpg\" data-link=\"http:\/\/www.schladmingerfasching.at\/?attachment_id=2670\" class=\"wp-image-2670\" srcset=\"https:\/\/www.schladmingerfasching.at\/wp-content\/uploads\/2022\/11\/018-2022-11-11-Elferratssitzung-1024x680.jpg 1024w, https:\/\/www.schladmingerfasching.at\/wp-content\/uploads\/2022\/11\/018-2022-11-11-Elferratssitzung-300x199.jpg 300w, https:\/\/www.schladmingerfasching.at\/wp-content\/uploads\/2022\/11\/018-2022-11-11-Elferratssitzung-768x510.jpg 768w, https:\/\/www.schladmingerfasching.at\/wp-content\/uploads\/2022\/11\/018-2022-11-11-Elferratssitzung-1536x1020.jpg 1536w, https:\/\/www.schladmingerfasching.at\/wp-content\/uploads\/2022\/11\/018-2022-11-11-Elferratssitzung.jpg 2000w\" sizes=\"auto, (max-width: 1024px) 100vw, 1024px\" \/><\/a><\/figure><\/li><li class=\"blocks-gallery-item\"><figure><a href=\"http:\/\/www.schladmingerfasching.at\/wp-content\/uploads\/2022\/11\/025-2022-11-11-Elferratssitzung-scaled.jpg\" rel=\"lightbox[2662]\"><img loading=\"lazy\" decoding=\"async\" width=\"683\" height=\"1024\" src=\"http:\/\/www.schladmingerfasching.at\/wp-content\/uploads\/2022\/11\/025-2022-11-11-Elferratssitzung-683x1024.jpg\" alt=\"\" data-id=\"2671\" data-full-url=\"http:\/\/www.schladmingerfasching.at\/wp-content\/uploads\/2022\/11\/025-2022-11-11-Elferratssitzung-scaled.jpg\" data-link=\"http:\/\/www.schladmingerfasching.at\/?attachment_id=2671\" class=\"wp-image-2671\" srcset=\"https:\/\/www.schladmingerfasching.at\/wp-content\/uploads\/2022\/11\/025-2022-11-11-Elferratssitzung-683x1024.jpg 683w, https:\/\/www.schladmingerfasching.at\/wp-content\/uploads\/2022\/11\/025-2022-11-11-Elferratssitzung-200x300.jpg 200w, https:\/\/www.schladmingerfasching.at\/wp-content\/uploads\/2022\/11\/025-2022-11-11-Elferratssitzung-768x1152.jpg 768w, https:\/\/www.schladmingerfasching.at\/wp-content\/uploads\/2022\/11\/025-2022-11-11-Elferratssitzung-1024x1536.jpg 1024w, https:\/\/www.schladmingerfasching.at\/wp-content\/uploads\/2022\/11\/025-2022-11-11-Elferratssitzung-1366x2048.jpg 1366w, https:\/\/www.schladmingerfasching.at\/wp-content\/uploads\/2022\/11\/025-2022-11-11-Elferratssitzung-scaled.jpg 1707w\" sizes=\"auto, (max-width: 683px) 100vw, 683px\" \/><\/a><\/figure><\/li><li class=\"blocks-gallery-item\"><figure><a href=\"http:\/\/www.schladmingerfasching.at\/wp-content\/uploads\/2022\/11\/028-2022-11-11-Elferratssitzung.jpg\" rel=\"lightbox[2662]\"><img loading=\"lazy\" decoding=\"async\" width=\"1024\" height=\"682\" src=\"http:\/\/www.schladmingerfasching.at\/wp-content\/uploads\/2022\/11\/028-2022-11-11-Elferratssitzung-1024x682.jpg\" alt=\"\" data-id=\"2672\" data-full-url=\"http:\/\/www.schladmingerfasching.at\/wp-content\/uploads\/2022\/11\/028-2022-11-11-Elferratssitzung.jpg\" data-link=\"http:\/\/www.schladmingerfasching.at\/?attachment_id=2672\" class=\"wp-image-2672\" srcset=\"https:\/\/www.schladmingerfasching.at\/wp-content\/uploads\/2022\/11\/028-2022-11-11-Elferratssitzung-1024x682.jpg 1024w, https:\/\/www.schladmingerfasching.at\/wp-content\/uploads\/2022\/11\/028-2022-11-11-Elferratssitzung-300x200.jpg 300w, https:\/\/www.schladmingerfasching.at\/wp-content\/uploads\/2022\/11\/028-2022-11-11-Elferratssitzung-768x512.jpg 768w, https:\/\/www.schladmingerfasching.at\/wp-content\/uploads\/2022\/11\/028-2022-11-11-Elferratssitzung-1536x1024.jpg 1536w, https:\/\/www.schladmingerfasching.at\/wp-content\/uploads\/2022\/11\/028-2022-11-11-Elferratssitzung.jpg 2000w\" sizes=\"auto, (max-width: 1024px) 100vw, 1024px\" \/><\/a><\/figure><\/li><li class=\"blocks-gallery-item\"><figure><a href=\"http:\/\/www.schladmingerfasching.at\/wp-content\/uploads\/2022\/11\/034-2022-11-11-Elferratssitzung.jpg\" rel=\"lightbox[2662]\"><img loading=\"lazy\" decoding=\"async\" width=\"1024\" height=\"683\" src=\"http:\/\/www.schladmingerfasching.at\/wp-content\/uploads\/2022\/11\/034-2022-11-11-Elferratssitzung-1024x683.jpg\" alt=\"\" data-id=\"2673\" data-full-url=\"http:\/\/www.schladmingerfasching.at\/wp-content\/uploads\/2022\/11\/034-2022-11-11-Elferratssitzung.jpg\" data-link=\"http:\/\/www.schladmingerfasching.at\/?attachment_id=2673\" class=\"wp-image-2673\" srcset=\"https:\/\/www.schladmingerfasching.at\/wp-content\/uploads\/2022\/11\/034-2022-11-11-Elferratssitzung-1024x683.jpg 1024w, https:\/\/www.schladmingerfasching.at\/wp-content\/uploads\/2022\/11\/034-2022-11-11-Elferratssitzung-300x200.jpg 300w, https:\/\/www.schladmingerfasching.at\/wp-content\/uploads\/2022\/11\/034-2022-11-11-Elferratssitzung-768x512.jpg 768w, https:\/\/www.schladmingerfasching.at\/wp-content\/uploads\/2022\/11\/034-2022-11-11-Elferratssitzung-1536x1025.jpg 1536w, https:\/\/www.schladmingerfasching.at\/wp-content\/uploads\/2022\/11\/034-2022-11-11-Elferratssitzung.jpg 2000w\" sizes=\"auto, (max-width: 1024px) 100vw, 1024px\" \/><\/a><\/figure><\/li><li class=\"blocks-gallery-item\"><figure><a href=\"http:\/\/www.schladmingerfasching.at\/wp-content\/uploads\/2022\/11\/037-2022-11-11-Elferratssitzung-scaled.jpg\" rel=\"lightbox[2662]\"><img loading=\"lazy\" decoding=\"async\" width=\"683\" height=\"1024\" src=\"http:\/\/www.schladmingerfasching.at\/wp-content\/uploads\/2022\/11\/037-2022-11-11-Elferratssitzung-683x1024.jpg\" alt=\"\" data-id=\"2674\" data-full-url=\"http:\/\/www.schladmingerfasching.at\/wp-content\/uploads\/2022\/11\/037-2022-11-11-Elferratssitzung-scaled.jpg\" data-link=\"http:\/\/www.schladmingerfasching.at\/?attachment_id=2674\" class=\"wp-image-2674\" srcset=\"https:\/\/www.schladmingerfasching.at\/wp-content\/uploads\/2022\/11\/037-2022-11-11-Elferratssitzung-683x1024.jpg 683w, https:\/\/www.schladmingerfasching.at\/wp-content\/uploads\/2022\/11\/037-2022-11-11-Elferratssitzung-200x300.jpg 200w, https:\/\/www.schladmingerfasching.at\/wp-content\/uploads\/2022\/11\/037-2022-11-11-Elferratssitzung-768x1152.jpg 768w, https:\/\/www.schladmingerfasching.at\/wp-content\/uploads\/2022\/11\/037-2022-11-11-Elferratssitzung-1024x1536.jpg 1024w, https:\/\/www.schladmingerfasching.at\/wp-content\/uploads\/2022\/11\/037-2022-11-11-Elferratssitzung-1365x2048.jpg 1365w, https:\/\/www.schladmingerfasching.at\/wp-content\/uploads\/2022\/11\/037-2022-11-11-Elferratssitzung-scaled.jpg 1707w\" sizes=\"auto, (max-width: 683px) 100vw, 683px\" \/><\/a><\/figure><\/li><li class=\"blocks-gallery-item\"><figure><a href=\"http:\/\/www.schladmingerfasching.at\/wp-content\/uploads\/2022\/11\/046-2022-11-11-Elferratssitzung.jpg\" rel=\"lightbox[2662]\"><img loading=\"lazy\" decoding=\"async\" width=\"1024\" height=\"682\" src=\"http:\/\/www.schladmingerfasching.at\/wp-content\/uploads\/2022\/11\/046-2022-11-11-Elferratssitzung-1024x682.jpg\" alt=\"\" data-id=\"2675\" data-full-url=\"http:\/\/www.schladmingerfasching.at\/wp-content\/uploads\/2022\/11\/046-2022-11-11-Elferratssitzung.jpg\" data-link=\"http:\/\/www.schladmingerfasching.at\/?attachment_id=2675\" class=\"wp-image-2675\" srcset=\"https:\/\/www.schladmingerfasching.at\/wp-content\/uploads\/2022\/11\/046-2022-11-11-Elferratssitzung-1024x682.jpg 1024w, https:\/\/www.schladmingerfasching.at\/wp-content\/uploads\/2022\/11\/046-2022-11-11-Elferratssitzung-300x200.jpg 300w, https:\/\/www.schladmingerfasching.at\/wp-content\/uploads\/2022\/11\/046-2022-11-11-Elferratssitzung-768x512.jpg 768w, https:\/\/www.schladmingerfasching.at\/wp-content\/uploads\/2022\/11\/046-2022-11-11-Elferratssitzung-1536x1024.jpg 1536w, https:\/\/www.schladmingerfasching.at\/wp-content\/uploads\/2022\/11\/046-2022-11-11-Elferratssitzung.jpg 2000w\" sizes=\"auto, (max-width: 1024px) 100vw, 1024px\" \/><\/a><\/figure><\/li><li class=\"blocks-gallery-item\"><figure><a href=\"http:\/\/www.schladmingerfasching.at\/wp-content\/uploads\/2022\/11\/050-2022-11-11-Elferratssitzung.jpg\" rel=\"lightbox[2662]\"><img loading=\"lazy\" decoding=\"async\" width=\"1024\" height=\"682\" src=\"http:\/\/www.schladmingerfasching.at\/wp-content\/uploads\/2022\/11\/050-2022-11-11-Elferratssitzung-1024x682.jpg\" alt=\"\" data-id=\"2676\" data-full-url=\"http:\/\/www.schladmingerfasching.at\/wp-content\/uploads\/2022\/11\/050-2022-11-11-Elferratssitzung.jpg\" data-link=\"http:\/\/www.schladmingerfasching.at\/?attachment_id=2676\" class=\"wp-image-2676\" srcset=\"https:\/\/www.schladmingerfasching.at\/wp-content\/uploads\/2022\/11\/050-2022-11-11-Elferratssitzung-1024x682.jpg 1024w, https:\/\/www.schladmingerfasching.at\/wp-content\/uploads\/2022\/11\/050-2022-11-11-Elferratssitzung-300x200.jpg 300w, https:\/\/www.schladmingerfasching.at\/wp-content\/uploads\/2022\/11\/050-2022-11-11-Elferratssitzung-768x512.jpg 768w, https:\/\/www.schladmingerfasching.at\/wp-content\/uploads\/2022\/11\/050-2022-11-11-Elferratssitzung-1536x1024.jpg 1536w, https:\/\/www.schladmingerfasching.at\/wp-content\/uploads\/2022\/11\/050-2022-11-11-Elferratssitzung.jpg 2000w\" sizes=\"auto, (max-width: 1024px) 100vw, 1024px\" \/><\/a><\/figure><\/li><li class=\"blocks-gallery-item\"><figure><a href=\"http:\/\/www.schladmingerfasching.at\/wp-content\/uploads\/2022\/11\/054-2022-11-11-Elferratssitzung-scaled.jpg\" rel=\"lightbox[2662]\"><img loading=\"lazy\" decoding=\"async\" width=\"683\" height=\"1024\" src=\"http:\/\/www.schladmingerfasching.at\/wp-content\/uploads\/2022\/11\/054-2022-11-11-Elferratssitzung-683x1024.jpg\" alt=\"\" data-id=\"2677\" data-full-url=\"http:\/\/www.schladmingerfasching.at\/wp-content\/uploads\/2022\/11\/054-2022-11-11-Elferratssitzung-scaled.jpg\" data-link=\"http:\/\/www.schladmingerfasching.at\/?attachment_id=2677\" class=\"wp-image-2677\" srcset=\"https:\/\/www.schladmingerfasching.at\/wp-content\/uploads\/2022\/11\/054-2022-11-11-Elferratssitzung-683x1024.jpg 683w, https:\/\/www.schladmingerfasching.at\/wp-content\/uploads\/2022\/11\/054-2022-11-11-Elferratssitzung-200x300.jpg 200w, https:\/\/www.schladmingerfasching.at\/wp-content\/uploads\/2022\/11\/054-2022-11-11-Elferratssitzung-768x1152.jpg 768w, https:\/\/www.schladmingerfasching.at\/wp-content\/uploads\/2022\/11\/054-2022-11-11-Elferratssitzung-1024x1536.jpg 1024w, https:\/\/www.schladmingerfasching.at\/wp-content\/uploads\/2022\/11\/054-2022-11-11-Elferratssitzung-1365x2048.jpg 1365w, https:\/\/www.schladmingerfasching.at\/wp-content\/uploads\/2022\/11\/054-2022-11-11-Elferratssitzung-scaled.jpg 1707w\" sizes=\"auto, (max-width: 683px) 100vw, 683px\" \/><\/a><\/figure><\/li><li class=\"blocks-gallery-item\"><figure><a href=\"http:\/\/www.schladmingerfasching.at\/wp-content\/uploads\/2022\/11\/057-2022-11-11-Elferratssitzung.jpg\" rel=\"lightbox[2662]\"><img loading=\"lazy\" decoding=\"async\" width=\"1024\" height=\"680\" src=\"http:\/\/www.schladmingerfasching.at\/wp-content\/uploads\/2022\/11\/057-2022-11-11-Elferratssitzung-1024x680.jpg\" alt=\"\" data-id=\"2678\" data-full-url=\"http:\/\/www.schladmingerfasching.at\/wp-content\/uploads\/2022\/11\/057-2022-11-11-Elferratssitzung.jpg\" data-link=\"http:\/\/www.schladmingerfasching.at\/?attachment_id=2678\" class=\"wp-image-2678\" srcset=\"https:\/\/www.schladmingerfasching.at\/wp-content\/uploads\/2022\/11\/057-2022-11-11-Elferratssitzung-1024x680.jpg 1024w, https:\/\/www.schladmingerfasching.at\/wp-content\/uploads\/2022\/11\/057-2022-11-11-Elferratssitzung-300x199.jpg 300w, https:\/\/www.schladmingerfasching.at\/wp-content\/uploads\/2022\/11\/057-2022-11-11-Elferratssitzung-768x510.jpg 768w, https:\/\/www.schladmingerfasching.at\/wp-content\/uploads\/2022\/11\/057-2022-11-11-Elferratssitzung-1536x1020.jpg 1536w, https:\/\/www.schladmingerfasching.at\/wp-content\/uploads\/2022\/11\/057-2022-11-11-Elferratssitzung.jpg 2000w\" sizes=\"auto, (max-width: 1024px) 100vw, 1024px\" \/><\/a><\/figure><\/li><li class=\"blocks-gallery-item\"><figure><a href=\"http:\/\/www.schladmingerfasching.at\/wp-content\/uploads\/2022\/11\/059-2022-11-11-Elferratssitzung.jpg\" rel=\"lightbox[2662]\"><img loading=\"lazy\" decoding=\"async\" width=\"1024\" height=\"683\" src=\"http:\/\/www.schladmingerfasching.at\/wp-content\/uploads\/2022\/11\/059-2022-11-11-Elferratssitzung-1024x683.jpg\" alt=\"\" data-id=\"2679\" data-full-url=\"http:\/\/www.schladmingerfasching.at\/wp-content\/uploads\/2022\/11\/059-2022-11-11-Elferratssitzung.jpg\" data-link=\"http:\/\/www.schladmingerfasching.at\/?attachment_id=2679\" class=\"wp-image-2679\" srcset=\"https:\/\/www.schladmingerfasching.at\/wp-content\/uploads\/2022\/11\/059-2022-11-11-Elferratssitzung-1024x683.jpg 1024w, https:\/\/www.schladmingerfasching.at\/wp-content\/uploads\/2022\/11\/059-2022-11-11-Elferratssitzung-300x200.jpg 300w, https:\/\/www.schladmingerfasching.at\/wp-content\/uploads\/2022\/11\/059-2022-11-11-Elferratssitzung-768x512.jpg 768w, https:\/\/www.schladmingerfasching.at\/wp-content\/uploads\/2022\/11\/059-2022-11-11-Elferratssitzung-1536x1025.jpg 1536w, https:\/\/www.schladmingerfasching.at\/wp-content\/uploads\/2022\/11\/059-2022-11-11-Elferratssitzung.jpg 2000w\" sizes=\"auto, (max-width: 1024px) 100vw, 1024px\" \/><\/a><\/figure><\/li><li class=\"blocks-gallery-item\"><figure><a href=\"http:\/\/www.schladmingerfasching.at\/wp-content\/uploads\/2022\/11\/061-2022-11-11-Elferratssitzung.jpg\" rel=\"lightbox[2662]\"><img loading=\"lazy\" decoding=\"async\" width=\"1024\" height=\"682\" src=\"http:\/\/www.schladmingerfasching.at\/wp-content\/uploads\/2022\/11\/061-2022-11-11-Elferratssitzung-1024x682.jpg\" alt=\"\" data-id=\"2680\" data-full-url=\"http:\/\/www.schladmingerfasching.at\/wp-content\/uploads\/2022\/11\/061-2022-11-11-Elferratssitzung.jpg\" data-link=\"http:\/\/www.schladmingerfasching.at\/?attachment_id=2680\" class=\"wp-image-2680\" srcset=\"https:\/\/www.schladmingerfasching.at\/wp-content\/uploads\/2022\/11\/061-2022-11-11-Elferratssitzung-1024x682.jpg 1024w, https:\/\/www.schladmingerfasching.at\/wp-content\/uploads\/2022\/11\/061-2022-11-11-Elferratssitzung-300x200.jpg 300w, https:\/\/www.schladmingerfasching.at\/wp-content\/uploads\/2022\/11\/061-2022-11-11-Elferratssitzung-768x512.jpg 768w, https:\/\/www.schladmingerfasching.at\/wp-content\/uploads\/2022\/11\/061-2022-11-11-Elferratssitzung-1536x1024.jpg 1536w, https:\/\/www.schladmingerfasching.at\/wp-content\/uploads\/2022\/11\/061-2022-11-11-Elferratssitzung.jpg 2000w\" sizes=\"auto, (max-width: 1024px) 100vw, 1024px\" \/><\/a><\/figure><\/li><li class=\"blocks-gallery-item\"><figure><a href=\"http:\/\/www.schladmingerfasching.at\/wp-content\/uploads\/2022\/11\/065-2022-11-11-Elferratssitzung-scaled.jpg\" rel=\"lightbox[2662]\"><img loading=\"lazy\" decoding=\"async\" width=\"683\" height=\"1024\" src=\"http:\/\/www.schladmingerfasching.at\/wp-content\/uploads\/2022\/11\/065-2022-11-11-Elferratssitzung-683x1024.jpg\" alt=\"\" data-id=\"2681\" data-full-url=\"http:\/\/www.schladmingerfasching.at\/wp-content\/uploads\/2022\/11\/065-2022-11-11-Elferratssitzung-scaled.jpg\" data-link=\"http:\/\/www.schladmingerfasching.at\/?attachment_id=2681\" class=\"wp-image-2681\" srcset=\"https:\/\/www.schladmingerfasching.at\/wp-content\/uploads\/2022\/11\/065-2022-11-11-Elferratssitzung-683x1024.jpg 683w, https:\/\/www.schladmingerfasching.at\/wp-content\/uploads\/2022\/11\/065-2022-11-11-Elferratssitzung-200x300.jpg 200w, https:\/\/www.schladmingerfasching.at\/wp-content\/uploads\/2022\/11\/065-2022-11-11-Elferratssitzung-768x1152.jpg 768w, https:\/\/www.schladmingerfasching.at\/wp-content\/uploads\/2022\/11\/065-2022-11-11-Elferratssitzung-1024x1536.jpg 1024w, https:\/\/www.schladmingerfasching.at\/wp-content\/uploads\/2022\/11\/065-2022-11-11-Elferratssitzung-1365x2048.jpg 1365w, https:\/\/www.schladmingerfasching.at\/wp-content\/uploads\/2022\/11\/065-2022-11-11-Elferratssitzung-scaled.jpg 1707w\" sizes=\"auto, (max-width: 683px) 100vw, 683px\" \/><\/a><\/figure><\/li><li class=\"blocks-gallery-item\"><figure><a href=\"http:\/\/www.schladmingerfasching.at\/wp-content\/uploads\/2022\/11\/070-2022-11-11-Elferratssitzung.jpg\" rel=\"lightbox[2662]\"><img loading=\"lazy\" decoding=\"async\" width=\"1024\" height=\"682\" src=\"http:\/\/www.schladmingerfasching.at\/wp-content\/uploads\/2022\/11\/070-2022-11-11-Elferratssitzung-1024x682.jpg\" alt=\"\" data-id=\"2682\" data-full-url=\"http:\/\/www.schladmingerfasching.at\/wp-content\/uploads\/2022\/11\/070-2022-11-11-Elferratssitzung.jpg\" data-link=\"http:\/\/www.schladmingerfasching.at\/?attachment_id=2682\" class=\"wp-image-2682\" srcset=\"https:\/\/www.schladmingerfasching.at\/wp-content\/uploads\/2022\/11\/070-2022-11-11-Elferratssitzung-1024x682.jpg 1024w, https:\/\/www.schladmingerfasching.at\/wp-content\/uploads\/2022\/11\/070-2022-11-11-Elferratssitzung-300x200.jpg 300w, https:\/\/www.schladmingerfasching.at\/wp-content\/uploads\/2022\/11\/070-2022-11-11-Elferratssitzung-768x512.jpg 768w, https:\/\/www.schladmingerfasching.at\/wp-content\/uploads\/2022\/11\/070-2022-11-11-Elferratssitzung-1536x1024.jpg 1536w, https:\/\/www.schladmingerfasching.at\/wp-content\/uploads\/2022\/11\/070-2022-11-11-Elferratssitzung.jpg 2000w\" sizes=\"auto, (max-width: 1024px) 100vw, 1024px\" \/><\/a><\/figure><\/li><li class=\"blocks-gallery-item\"><figure><a href=\"http:\/\/www.schladmingerfasching.at\/wp-content\/uploads\/2022\/11\/074-2022-11-11-Elferratssitzung-scaled.jpg\" rel=\"lightbox[2662]\"><img loading=\"lazy\" decoding=\"async\" width=\"683\" height=\"1024\" src=\"http:\/\/www.schladmingerfasching.at\/wp-content\/uploads\/2022\/11\/074-2022-11-11-Elferratssitzung-683x1024.jpg\" alt=\"\" data-id=\"2683\" data-full-url=\"http:\/\/www.schladmingerfasching.at\/wp-content\/uploads\/2022\/11\/074-2022-11-11-Elferratssitzung-scaled.jpg\" data-link=\"http:\/\/www.schladmingerfasching.at\/?attachment_id=2683\" class=\"wp-image-2683\" srcset=\"https:\/\/www.schladmingerfasching.at\/wp-content\/uploads\/2022\/11\/074-2022-11-11-Elferratssitzung-683x1024.jpg 683w, https:\/\/www.schladmingerfasching.at\/wp-content\/uploads\/2022\/11\/074-2022-11-11-Elferratssitzung-200x300.jpg 200w, https:\/\/www.schladmingerfasching.at\/wp-content\/uploads\/2022\/11\/074-2022-11-11-Elferratssitzung-768x1152.jpg 768w, https:\/\/www.schladmingerfasching.at\/wp-content\/uploads\/2022\/11\/074-2022-11-11-Elferratssitzung-1024x1536.jpg 1024w, https:\/\/www.schladmingerfasching.at\/wp-content\/uploads\/2022\/11\/074-2022-11-11-Elferratssitzung-1365x2048.jpg 1365w, https:\/\/www.schladmingerfasching.at\/wp-content\/uploads\/2022\/11\/074-2022-11-11-Elferratssitzung-scaled.jpg 1707w\" sizes=\"auto, (max-width: 683px) 100vw, 683px\" \/><\/a><\/figure><\/li><li class=\"blocks-gallery-item\"><figure><a href=\"http:\/\/www.schladmingerfasching.at\/wp-content\/uploads\/2022\/11\/075-2022-11-11-Elferratssitzung.jpg\" rel=\"lightbox[2662]\"><img loading=\"lazy\" decoding=\"async\" width=\"1024\" height=\"683\" src=\"http:\/\/www.schladmingerfasching.at\/wp-content\/uploads\/2022\/11\/075-2022-11-11-Elferratssitzung-1024x683.jpg\" alt=\"\" data-id=\"2684\" data-full-url=\"http:\/\/www.schladmingerfasching.at\/wp-content\/uploads\/2022\/11\/075-2022-11-11-Elferratssitzung.jpg\" data-link=\"http:\/\/www.schladmingerfasching.at\/?attachment_id=2684\" class=\"wp-image-2684\" srcset=\"https:\/\/www.schladmingerfasching.at\/wp-content\/uploads\/2022\/11\/075-2022-11-11-Elferratssitzung-1024x683.jpg 1024w, https:\/\/www.schladmingerfasching.at\/wp-content\/uploads\/2022\/11\/075-2022-11-11-Elferratssitzung-300x200.jpg 300w, https:\/\/www.schladmingerfasching.at\/wp-content\/uploads\/2022\/11\/075-2022-11-11-Elferratssitzung-768x512.jpg 768w, https:\/\/www.schladmingerfasching.at\/wp-content\/uploads\/2022\/11\/075-2022-11-11-Elferratssitzung-1536x1025.jpg 1536w, https:\/\/www.schladmingerfasching.at\/wp-content\/uploads\/2022\/11\/075-2022-11-11-Elferratssitzung.jpg 2000w\" sizes=\"auto, (max-width: 1024px) 100vw, 1024px\" \/><\/a><\/figure><\/li><\/ul><\/figure>\n","protected":false},"excerpt":{"rendered":"<p>Am 11. 11. 2022 wurde nach 2 Jahren Pause endlich wieder gefeiert. B\u00d6F Pr\u00e4sident Kranawetter war nach Schladming gekommen um unseren, nun Ex-Pr\u00e4sidenten, Anton Barthelme entsprechend seiner Verdienste zu ehren und zu beschm\u00fccken. Toni erhielt den gr\u00f6\u00dften \u00d6sterreichischen Faschingsorden mit Stein, sowie den Steirischen Orden und eine Ehrenurkunde. Ebenfalls in den Faschings-Ruhestand verabschiedet wurden Susi [&hellip;]<\/p>\n","protected":false},"author":2,"featured_media":0,"comment_status":"closed","ping_status":"closed","sticky":false,"template":"","format":"standard","meta":{"footnotes":""},"categories":[1],"tags":[],"class_list":["post-2662","post","type-post","status-publish","format-standard","hentry","category-allgemein"],"_links":{"self":[{"href":"https:\/\/www.schladmingerfasching.at\/index.php?rest_route=\/wp\/v2\/posts\/2662","targetHints":{"allow":["GET"]}}],"collection":[{"href":"https:\/\/www.schladmingerfasching.at\/index.php?rest_route=\/wp\/v2\/posts"}],"about":[{"href":"https:\/\/www.schladmingerfasching.at\/index.php?rest_route=\/wp\/v2\/types\/post"}],"author":[{"embeddable":true,"href":"https:\/\/www.schladmingerfasching.at\/index.php?rest_route=\/wp\/v2\/users\/2"}],"replies":[{"embeddable":true,"href":"https:\/\/www.schladmingerfasching.at\/index.php?rest_route=%2Fwp%2Fv2%2Fcomments&post=2662"}],"version-history":[{"count":6,"href":"https:\/\/www.schladmingerfasching.at\/index.php?rest_route=\/wp\/v2\/posts\/2662\/revisions"}],"predecessor-version":[{"id":2692,"href":"https:\/\/www.schladmingerfasching.at\/index.php?rest_route=\/wp\/v2\/posts\/2662\/revisions\/2692"}],"wp:attachment":[{"href":"https:\/\/www.schladmingerfasching.at\/index.php?rest_route=%2Fwp%2Fv2%2Fmedia&parent=2662"}],"wp:term":[{"taxonomy":"category","embeddable":true,"href":"https:\/\/www.schladmingerfasching.at\/index.php?rest_route=%2Fwp%2Fv2%2Fcategories&post=2662"},{"taxonomy":"post_tag","embeddable":true,"href":"https:\/\/www.schladmingerfasching.at\/index.php?rest_route=%2Fwp%2Fv2%2Ftags&post=2662"}],"curies":[{"name":"wp","href":"https:\/\/api.w.org\/{rel}","templated":true}]}}