{"id":2569,"date":"2014-01-27T08:43:00","date_gmt":"2014-01-27T07:43:00","guid":{"rendered":"http:\/\/www.schladmingerfasching.at\/?p=2569"},"modified":"2020-01-27T08:46:33","modified_gmt":"2020-01-27T07:46:33","slug":"garde-2013-14","status":"publish","type":"post","link":"https:\/\/www.schladmingerfasching.at\/?p=2569","title":{"rendered":"Garde 2013-14"},"content":{"rendered":"\n<h2 class=\"wp-block-heading\">Prinzengarde 2013-2014<\/h2>\n\n\n\n<div class=\"wp-block-image\"><figure class=\"aligncenter\"><a href=\"http:\/\/www.schladmingerfasching.at\/wp-content\/uploads\/2011\/05\/IMG_8858.jpg\" rel=\"lightbox[2569]\"><img loading=\"lazy\" decoding=\"async\" width=\"1000\" height=\"722\" src=\"http:\/\/www.schladmingerfasching.at\/wp-content\/uploads\/2011\/05\/IMG_8858.jpg\" alt=\"IMG_8858\" class=\"wp-image-680\" srcset=\"https:\/\/www.schladmingerfasching.at\/wp-content\/uploads\/2011\/05\/IMG_8858.jpg 1000w, https:\/\/www.schladmingerfasching.at\/wp-content\/uploads\/2011\/05\/IMG_8858-300x216.jpg 300w\" sizes=\"auto, (max-width: 1000px) 100vw, 1000px\" \/><\/a><\/figure><\/div>\n\n\n\n<figure class=\"wp-block-gallery columns-2 is-cropped wp-block-gallery-1 is-layout-flex wp-block-gallery-is-layout-flex\"><ul class=\"blocks-gallery-grid\"><li class=\"blocks-gallery-item\"><figure><a href=\"http:\/\/www.schladmingerfasching.at\/wp-content\/uploads\/2011\/05\/MG_2146.jpg\" rel=\"lightbox[2569]\"><img loading=\"lazy\" decoding=\"async\" width=\"1500\" height=\"1000\" src=\"http:\/\/www.schladmingerfasching.at\/wp-content\/uploads\/2011\/05\/MG_2146.jpg\" alt=\"\" data-id=\"574\" class=\"wp-image-574\" srcset=\"https:\/\/www.schladmingerfasching.at\/wp-content\/uploads\/2011\/05\/MG_2146.jpg 1500w, https:\/\/www.schladmingerfasching.at\/wp-content\/uploads\/2011\/05\/MG_2146-300x200.jpg 300w, https:\/\/www.schladmingerfasching.at\/wp-content\/uploads\/2011\/05\/MG_2146-1024x682.jpg 1024w\" sizes=\"auto, (max-width: 1500px) 100vw, 1500px\" \/><\/a><\/figure><\/li><li class=\"blocks-gallery-item\"><figure><a href=\"http:\/\/www.schladmingerfasching.at\/wp-content\/uploads\/2011\/05\/MG_2152.jpg\" rel=\"lightbox[2569]\"><img loading=\"lazy\" decoding=\"async\" width=\"1500\" height=\"1000\" src=\"http:\/\/www.schladmingerfasching.at\/wp-content\/uploads\/2011\/05\/MG_2152.jpg\" alt=\"\" data-id=\"577\" class=\"wp-image-577\" srcset=\"https:\/\/www.schladmingerfasching.at\/wp-content\/uploads\/2011\/05\/MG_2152.jpg 1500w, https:\/\/www.schladmingerfasching.at\/wp-content\/uploads\/2011\/05\/MG_2152-300x200.jpg 300w, https:\/\/www.schladmingerfasching.at\/wp-content\/uploads\/2011\/05\/MG_2152-1024x682.jpg 1024w\" sizes=\"auto, (max-width: 1500px) 100vw, 1500px\" \/><\/a><\/figure><\/li><\/ul><\/figure>\n\n\n\n<p>David Riemelmoser (Major)<br>Kevin Simonlehner (Trommler)<br>Daniel Hafner (Trommler)<\/p>\n\n\n\n<p>Theresa Stocker<br>Theresa Warter<br>Lisa Seiberl<br>Nathalie Binder<br>Monika Bhatti<br>Jana Steiner<\/p>\n\n\n\n<h3 class=\"wp-block-heading\">Trainerinnen<\/h3>\n\n\n\n<p>Hildegard Eitzinger<br>Ingeborg H\u00f6flehner<\/p>\n\n\n\n<figure><iframe loading=\"lazy\" src=\"\/\/www.youtube.com\/embed\/7cqq8PUKq2A?rel=0\" allowfullscreen=\"allowfullscreen\" width=\"560\" height=\"315\"><\/iframe><\/figure>\n\n\n\n<h2 class=\"wp-block-heading\">Jugendgarde 2013-2014 (Wild Berries)<\/h2>\n\n\n\n<div class=\"wp-block-image\"><figure class=\"aligncenter\"><a href=\"http:\/\/www.schladmingerfasching.at\/wp-content\/uploads\/2011\/05\/IMG_8874.jpg\" rel=\"lightbox[2569]\"><img loading=\"lazy\" decoding=\"async\" width=\"1000\" height=\"750\" src=\"http:\/\/www.schladmingerfasching.at\/wp-content\/uploads\/2011\/05\/IMG_8874.jpg\" alt=\"IMG_8874\" class=\"wp-image-681\" srcset=\"https:\/\/www.schladmingerfasching.at\/wp-content\/uploads\/2011\/05\/IMG_8874.jpg 1000w, https:\/\/www.schladmingerfasching.at\/wp-content\/uploads\/2011\/05\/IMG_8874-300x225.jpg 300w\" sizes=\"auto, (max-width: 1000px) 100vw, 1000px\" \/><\/a><\/figure><\/div>\n\n\n\n<div class=\"wp-block-image\"><figure class=\"aligncenter\"><a href=\"http:\/\/www.schladmingerfasching.at\/wp-content\/uploads\/2011\/05\/IMG_8880.jpg\" rel=\"lightbox[2569]\"><img loading=\"lazy\" decoding=\"async\" width=\"1000\" height=\"722\" src=\"http:\/\/www.schladmingerfasching.at\/wp-content\/uploads\/2011\/05\/IMG_8880.jpg\" alt=\"IMG_8880\" class=\"wp-image-682\" srcset=\"https:\/\/www.schladmingerfasching.at\/wp-content\/uploads\/2011\/05\/IMG_8880.jpg 1000w, https:\/\/www.schladmingerfasching.at\/wp-content\/uploads\/2011\/05\/IMG_8880-300x216.jpg 300w\" sizes=\"auto, (max-width: 1000px) 100vw, 1000px\" \/><\/a><\/figure><\/div>\n\n\n\n<figure class=\"wp-block-gallery columns-2 is-cropped wp-block-gallery-2 is-layout-flex wp-block-gallery-is-layout-flex\"><ul class=\"blocks-gallery-grid\"><li class=\"blocks-gallery-item\"><figure><a href=\"http:\/\/www.schladmingerfasching.at\/wp-content\/uploads\/2011\/05\/MG_2042.jpg\" rel=\"lightbox[2569]\"><img loading=\"lazy\" decoding=\"async\" width=\"1500\" height=\"1000\" src=\"http:\/\/www.schladmingerfasching.at\/wp-content\/uploads\/2011\/05\/MG_2042.jpg\" alt=\"\" data-id=\"524\" class=\"wp-image-524\" srcset=\"https:\/\/www.schladmingerfasching.at\/wp-content\/uploads\/2011\/05\/MG_2042.jpg 1500w, https:\/\/www.schladmingerfasching.at\/wp-content\/uploads\/2011\/05\/MG_2042-300x200.jpg 300w, https:\/\/www.schladmingerfasching.at\/wp-content\/uploads\/2011\/05\/MG_2042-1024x682.jpg 1024w\" sizes=\"auto, (max-width: 1500px) 100vw, 1500px\" \/><\/a><\/figure><\/li><li class=\"blocks-gallery-item\"><figure><a href=\"http:\/\/www.schladmingerfasching.at\/wp-content\/uploads\/2011\/05\/MG_2041.jpg\" rel=\"lightbox[2569]\"><img loading=\"lazy\" decoding=\"async\" width=\"1500\" height=\"1000\" src=\"http:\/\/www.schladmingerfasching.at\/wp-content\/uploads\/2011\/05\/MG_2041.jpg\" alt=\"\" data-id=\"523\" class=\"wp-image-523\" srcset=\"https:\/\/www.schladmingerfasching.at\/wp-content\/uploads\/2011\/05\/MG_2041.jpg 1500w, https:\/\/www.schladmingerfasching.at\/wp-content\/uploads\/2011\/05\/MG_2041-300x200.jpg 300w, https:\/\/www.schladmingerfasching.at\/wp-content\/uploads\/2011\/05\/MG_2041-1024x682.jpg 1024w\" sizes=\"auto, (max-width: 1500px) 100vw, 1500px\" \/><\/a><\/figure><\/li><\/ul><\/figure>\n\n\n\n<p>Jasmin G\u00f6ssler<br>Julia Brunner<br>Christin Fuchs<br>Celine Fuchs<br>Melina Martinz<br>Serena Grie\u00dfer<br>Priya Bhatti<br>Jasmin Percht<br>Elisa Sch\u00fctz<br>Thalia Menneweger<br>Sophie Keinprecht<br>Theresa Royer<\/p>\n\n\n\n<h3 class=\"wp-block-heading\">Choreografie<\/h3>\n\n\n\n<p>Marina Hutegger<\/p>\n\n\n\n<h3 class=\"wp-block-heading\">Trainerinnen<\/h3>\n\n\n\n<p>Ingrid Grie\u00dfer Ingeborg H\u00f6flehner<\/p>\n\n\n\n<h2 class=\"wp-block-heading\">Kindergarde 2013 &#8211; 2014<\/h2>\n\n\n\n<div class=\"wp-block-image\"><figure class=\"aligncenter\"><a href=\"http:\/\/www.schladmingerfasching.at\/wp-content\/uploads\/2011\/05\/Kindergarde.tif-1.jpg\" rel=\"lightbox[2569]\"><img loading=\"lazy\" decoding=\"async\" width=\"1000\" height=\"650\" src=\"http:\/\/www.schladmingerfasching.at\/wp-content\/uploads\/2011\/05\/Kindergarde.tif-1.jpg\" alt=\"Kindergarde.tif 1\" class=\"wp-image-709\" srcset=\"https:\/\/www.schladmingerfasching.at\/wp-content\/uploads\/2011\/05\/Kindergarde.tif-1.jpg 1000w, https:\/\/www.schladmingerfasching.at\/wp-content\/uploads\/2011\/05\/Kindergarde.tif-1-300x195.jpg 300w\" sizes=\"auto, (max-width: 1000px) 100vw, 1000px\" \/><\/a><\/figure><\/div>\n\n\n\n<div class=\"wp-block-image\"><figure class=\"aligncenter\"><a href=\"http:\/\/www.schladmingerfasching.at\/wp-content\/uploads\/2011\/05\/Kindergarde.jpg\" rel=\"lightbox[2569]\"><img loading=\"lazy\" decoding=\"async\" width=\"1000\" height=\"629\" src=\"http:\/\/www.schladmingerfasching.at\/wp-content\/uploads\/2011\/05\/Kindergarde.jpg\" alt=\"Kindergarde\" class=\"wp-image-708\" srcset=\"https:\/\/www.schladmingerfasching.at\/wp-content\/uploads\/2011\/05\/Kindergarde.jpg 1000w, https:\/\/www.schladmingerfasching.at\/wp-content\/uploads\/2011\/05\/Kindergarde-300x188.jpg 300w\" sizes=\"auto, (max-width: 1000px) 100vw, 1000px\" \/><\/a><\/figure><\/div>\n\n\n\n<p>Michael Grie\u00dfer (F\u00e4hnrich),<br>Dominik G\u00f6ssler (Trommler),<br>Dominik Grassegger (Trommler),<br>Thalia Menneweger,<br>Tina Tritscher,<br>Celine Fuchs,<br>Antonia Warter,<br>Tanja Tritscher,<br>Lara Tritscher,<br>Hannah Weichster,<br>Lisa Pachernegg,<br>Leonie Eschbacher,<br>Medea Menneweger,<br>Julia Longin,<br>Marina Longin,<br>Emelie Warter,<br>Anna Katharina Kahr,<br>Charlize Forster.<\/p>\n\n\n\n<h3 class=\"wp-block-heading\">Trainerinnen<\/h3>\n\n\n\n<p>Hildegard Eitzinger, Susi Seiberl &amp; Ingeborg H\u00f6flehner<\/p>\n","protected":false},"excerpt":{"rendered":"<p>Prinzengarde 2013-2014 David Riemelmoser (Major)Kevin Simonlehner (Trommler)Daniel Hafner (Trommler) Theresa StockerTheresa WarterLisa SeiberlNathalie BinderMonika BhattiJana Steiner Trainerinnen Hildegard EitzingerIngeborg H\u00f6flehner Jugendgarde 2013-2014 (Wild Berries) Jasmin G\u00f6sslerJulia BrunnerChristin FuchsCeline FuchsMelina MartinzSerena Grie\u00dferPriya BhattiJasmin PerchtElisa Sch\u00fctzThalia MennewegerSophie KeinprechtTheresa Royer Choreografie Marina Hutegger Trainerinnen Ingrid Grie\u00dfer Ingeborg H\u00f6flehner Kindergarde 2013 &#8211; 2014 Michael Grie\u00dfer (F\u00e4hnrich),Dominik G\u00f6ssler (Trommler),Dominik Grassegger [&hellip;]<\/p>\n","protected":false},"author":2,"featured_media":0,"comment_status":"closed","ping_status":"closed","sticky":false,"template":"","format":"standard","meta":{"footnotes":""},"categories":[1],"tags":[],"class_list":["post-2569","post","type-post","status-publish","format-standard","hentry","category-allgemein"],"_links":{"self":[{"href":"https:\/\/www.schladmingerfasching.at\/index.php?rest_route=\/wp\/v2\/posts\/2569","targetHints":{"allow":["GET"]}}],"collection":[{"href":"https:\/\/www.schladmingerfasching.at\/index.php?rest_route=\/wp\/v2\/posts"}],"about":[{"href":"https:\/\/www.schladmingerfasching.at\/index.php?rest_route=\/wp\/v2\/types\/post"}],"author":[{"embeddable":true,"href":"https:\/\/www.schladmingerfasching.at\/index.php?rest_route=\/wp\/v2\/users\/2"}],"replies":[{"embeddable":true,"href":"https:\/\/www.schladmingerfasching.at\/index.php?rest_route=%2Fwp%2Fv2%2Fcomments&post=2569"}],"version-history":[{"count":1,"href":"https:\/\/www.schladmingerfasching.at\/index.php?rest_route=\/wp\/v2\/posts\/2569\/revisions"}],"predecessor-version":[{"id":2570,"href":"https:\/\/www.schladmingerfasching.at\/index.php?rest_route=\/wp\/v2\/posts\/2569\/revisions\/2570"}],"wp:attachment":[{"href":"https:\/\/www.schladmingerfasching.at\/index.php?rest_route=%2Fwp%2Fv2%2Fmedia&parent=2569"}],"wp:term":[{"taxonomy":"category","embeddable":true,"href":"https:\/\/www.schladmingerfasching.at\/index.php?rest_route=%2Fwp%2Fv2%2Fcategories&post=2569"},{"taxonomy":"post_tag","embeddable":true,"href":"https:\/\/www.schladmingerfasching.at\/index.php?rest_route=%2Fwp%2Fv2%2Ftags&post=2569"}],"curies":[{"name":"wp","href":"https:\/\/api.w.org\/{rel}","templated":true}]}}